{"id":963,"date":"2014-06-27T10:55:41","date_gmt":"2014-06-27T10:55:41","guid":{"rendered":"http:\/\/www.gemeinde.deon.pl\/?p=963"},"modified":"2014-06-27T10:55:41","modified_gmt":"2014-06-27T10:55:41","slug":"sommer-in-st-barbara","status":"publish","type":"post","link":"https:\/\/gemeinde.jezuici.pl\/?p=963","title":{"rendered":"Sommer in St. Barbara"},"content":{"rendered":"<p>&nbsp;<\/p>\n<p style=\"margin-bottom: 0cm;\"><strong><span style=\"font-size: medium;\"><span style=\"font-weight: normal;\">\u00dcber die Sommermonate entf\u00e4llt der Bibelkreis, n\u00e4here Informationen dazu <a href=\"http:\/\/www.gemeinde.jezuici.pl\/?page_id=71\">hier<\/a>. <\/span><\/span><\/strong><\/p>\n<p style=\"margin-bottom: 0cm;\"><strong><span style=\"font-size: medium;\"><span style=\"font-weight: normal;\">Der Gottesdienst in deutscher Sprache findet weiterhin regelm\u00e4\u00dfig jeden Sonntag um 19.00 Uhr in der Barbarakirche statt. <a href=\"http:\/\/www.gemeinde.jezuici.pl\/?page_id=81\">Mehr dazu&#8230;<\/a><br \/>\n<\/span><\/span><\/strong><\/p>\n<p style=\"margin-bottom: 0cm;\"><strong><span style=\"font-size: medium;\"><span style=\"font-weight: normal;\">Bedingt durch die Ferien- und Reisezeit werden zwei Sommermonate unseres Gemeindeblattes in einer umfangreicheren Juli-August-Ausgabe zusammengefasst. Informationen zum Gemeindeleben und Kontaktm\u00f6glichkeiten entnehmen Sie den laufenden Ausgaben unseres Folders, welcher <a href=\"http:\/\/www.gemeinde.jezuici.pl\/?page_id=109\">hier<\/a> als PDF abrufbar ist. <\/span><\/span><\/strong><\/p>\n<p style=\"margin-bottom: 0cm;\"><strong><span style=\"font-size: medium;\"><span lang=\"de-DE\"><span style=\"font-weight: normal;\">Im M\u00e4rz war in St. Barbara mit der Bachskantate BWV 12 \u201eWeinen, Klagen, Sorgen, Zagen\u201d eine besonders stimmungsvolle Musikbetrachtung zu erleben. Mehr dazu in der Rubrik <a href=\"http:\/\/www.gemeinde.jezuici.pl\/?page_id=101\">VIDEOS<\/a>.<\/span><\/span><\/span><\/strong><\/p>\n<p style=\"margin-bottom: 0cm;\"><a href=\"http:\/\/www.gemeinde.jezuici.plezuici.pl\/wp-content\/blogs.dir\/133\/files\/2014\/06\/sommer_motiv.png\"><img loading=\"lazy\" decoding=\"async\" class=\"aligncenter size-full wp-image-964\" src=\"http:\/\/www.gemeinde.jezuici.plezuici.pl\/wp-content\/blogs.dir\/133\/files\/2014\/06\/sommer_motiv.png\" alt=\"sommer_motiv\" width=\"360\" height=\"336\" srcset=\"https:\/\/gemeinde.jezuici.pl\/files\/2014\/06\/sommer_motiv.png 360w, https:\/\/gemeinde.jezuici.pl\/files\/2014\/06\/sommer_motiv-300x280.png 300w\" sizes=\"(max-width: 360px) 100vw, 360px\" \/><\/a><\/p>\n<p style=\"margin-bottom: 0cm;\"><strong><span style=\"font-size: medium;\"><span lang=\"de-DE\"><span style=\"font-weight: normal;\">Das <a href=\"https:\/\/docs.google.com\/file\/d\/0Bx0Oh2zKpZ1KT29kQk1wcHJKV2M\/edit\">Konzert<\/a> und die einleitende <a href=\"https:\/\/docs.google.com\/file\/d\/0Bx0Oh2zKpZ1KeC1va0VDSHE4YVU\/edit?pli=1\">Predigt von Pater Krzysztof Wa\u0142czyk<\/a> wurden von Pawel Liber aufgenommen und sind auf Google Drive abrufbar. Herzlichen Dank f\u00fcr diese Aufnahmen!<\/span><\/span><\/span><\/strong><\/p>\n<p style=\"margin-bottom: 0cm;\"><strong><span style=\"font-size: medium;\"><span lang=\"de-DE\"><span style=\"font-weight: normal;\">Einen gesegneten und erholsamen Sommer w\u00fcnscht <\/span><\/span><\/span><\/strong><\/p>\n<p style=\"margin-bottom: 0cm;\"><strong><span style=\"font-size: medium;\"><span lang=\"de-DE\"><span style=\"font-weight: normal;\">die Gemeinde St. Barbara<\/span><\/span><\/span><\/strong><\/p>\n<p>&nbsp;<\/p>\n","protected":false},"excerpt":{"rendered":"<p>&nbsp; \u00dcber die Sommermonate entf\u00e4llt der Bibelkreis, n\u00e4here Informationen dazu hier. Der Gottesdienst in deutscher Sprache findet weiterhin regelm\u00e4\u00dfig jeden Sonntag um 19.00 Uhr in der Barbarakirche statt. Mehr dazu&#8230; Bedingt durch die Ferien- und Reisezeit werden zwei Sommermonate unseres Gemeindeblattes in einer umfangreicheren Juli-August-Ausgabe zusammengefasst. Informationen zum Gemeindeleben und Kontaktm\u00f6glichkeiten entnehmen Sie den laufenden [&hellip;]<\/p>\n","protected":false},"author":5,"featured_media":0,"comment_status":"open","ping_status":"open","sticky":false,"template":"","format":"standard","meta":{"_et_pb_use_builder":"","_et_pb_old_content":"","_et_gb_content_width":"","ngg_post_thumbnail":0,"footnotes":""},"categories":[1],"tags":[],"class_list":["post-963","post","type-post","status-publish","format-standard","hentry","category-bez-kategorii"],"_links":{"self":[{"href":"https:\/\/gemeinde.jezuici.pl\/index.php?rest_route=\/wp\/v2\/posts\/963","targetHints":{"allow":["GET"]}}],"collection":[{"href":"https:\/\/gemeinde.jezuici.pl\/index.php?rest_route=\/wp\/v2\/posts"}],"about":[{"href":"https:\/\/gemeinde.jezuici.pl\/index.php?rest_route=\/wp\/v2\/types\/post"}],"author":[{"embeddable":true,"href":"https:\/\/gemeinde.jezuici.pl\/index.php?rest_route=\/wp\/v2\/users\/5"}],"replies":[{"embeddable":true,"href":"https:\/\/gemeinde.jezuici.pl\/index.php?rest_route=%2Fwp%2Fv2%2Fcomments&post=963"}],"version-history":[{"count":1,"href":"https:\/\/gemeinde.jezuici.pl\/index.php?rest_route=\/wp\/v2\/posts\/963\/revisions"}],"predecessor-version":[{"id":965,"href":"https:\/\/gemeinde.jezuici.pl\/index.php?rest_route=\/wp\/v2\/posts\/963\/revisions\/965"}],"wp:attachment":[{"href":"https:\/\/gemeinde.jezuici.pl\/index.php?rest_route=%2Fwp%2Fv2%2Fmedia&parent=963"}],"wp:term":[{"taxonomy":"category","embeddable":true,"href":"https:\/\/gemeinde.jezuici.pl\/index.php?rest_route=%2Fwp%2Fv2%2Fcategories&post=963"},{"taxonomy":"post_tag","embeddable":true,"href":"https:\/\/gemeinde.jezuici.pl\/index.php?rest_route=%2Fwp%2Fv2%2Ftags&post=963"}],"curies":[{"name":"wp","href":"https:\/\/api.w.org\/{rel}","templated":true}]}}