{"id":6413,"date":"2023-11-28T17:29:07","date_gmt":"2023-11-28T17:29:07","guid":{"rendered":"https:\/\/gemeinde.jezuici.pl\/?p=6413"},"modified":"2023-11-28T17:30:01","modified_gmt":"2023-11-28T17:30:01","slug":"adventskonzert-mit-gemeindetreffen","status":"publish","type":"post","link":"https:\/\/gemeinde.jezuici.pl\/?p=6413","title":{"rendered":"Adventskonzert mit Gemeindetreffen"},"content":{"rendered":"<p>[et_pb_section fb_built=&#8220;1&#8243; admin_label=&#8220;section&#8220; _builder_version=&#8220;4.16&#8243; global_colors_info=&#8220;{}&#8220;][et_pb_row column_structure=&#8220;2_5,3_5&#8243; admin_label=&#8220;row&#8220; _builder_version=&#8220;4.16&#8243; background_size=&#8220;initial&#8220; background_position=&#8220;top_left&#8220; background_repeat=&#8220;repeat&#8220; global_colors_info=&#8220;{}&#8220;][et_pb_column type=&#8220;2_5&#8243; _builder_version=&#8220;4.16&#8243; custom_padding=&#8220;|||&#8220; global_colors_info=&#8220;{}&#8220; custom_padding__hover=&#8220;|||&#8220;][et_pb_image src=&#8220;https:\/\/gemeinde.jezuici.pl\/files\/2023\/11\/Plakat-03.12.2023.jpg&#8220; title_text=&#8220;Plakat 03.12.2023&#8243; _builder_version=&#8220;4.23.1&#8243; _module_preset=&#8220;default&#8220; global_colors_info=&#8220;{}&#8220;][\/et_pb_image][\/et_pb_column][et_pb_column type=&#8220;3_5&#8243; _builder_version=&#8220;4.16&#8243; custom_padding=&#8220;|||&#8220; global_colors_info=&#8220;{}&#8220; custom_padding__hover=&#8220;|||&#8220;][et_pb_text _builder_version=&#8220;4.23.1&#8243; _module_preset=&#8220;default&#8220; global_colors_info=&#8220;{}&#8220;]<\/p>\n<p>Am ersten Adventssonntag, den <strong>3. Dezember 2023<\/strong> l\u00e4dt die deutschsprachige Gemeinde bei den Jesuiten in Krakau um <strong>14.30 Uhr<\/strong> zum Adventskonzert mit anschlie\u00dfendem Gemeindetreffen in die Sankt Barbara Kirche. Musikalische Werke von Johann Sebastian Bach, Georg Friedrich H\u00e4ndel, Wojciech Sowi\u0144ski, J\u00f3zef Koz\u0142owski, sowie Jacques Duphly werden vom Ensemble <em>Cantica Sacra<\/em> mit Zuzanna KULISZEWSKA \u2013 Sopran, Paulina TKACZYK-CICHO\u0143 \u2013 Cembalo und \u0141ukasz Miko\u0142aj MATEJA \u2013 Orgel, Kantor, im Rahmen der Liturgie aufgef\u00fchrt.<br \/>Die Texte f\u00fcr diesen Adventssonntag sind: 1. Lesung Jes 63, 16b-17.19b; 64, 3-7, 2. Lesung 1 Kor 1, 3-9, Evangelium Mk 13, 33-37.<\/p>\n<p><strong>Wir laden herzlich ein!<\/strong><\/p>\n<p>[\/et_pb_text][\/et_pb_column][\/et_pb_row][\/et_pb_section]<\/p>\n","protected":false},"excerpt":{"rendered":"<p>Am ersten Adventssonntag, den 3. Dezember 2023 l\u00e4dt die deutschsprachige Gemeinde bei den Jesuiten in Krakau um 14.30 Uhr zum Adventskonzert mit anschlie\u00dfendem Gemeindetreffen in die Sankt Barbara Kirche. Musikalische Werke von Johann Sebastian Bach, Georg Friedrich H\u00e4ndel, Wojciech Sowi\u0144ski, J\u00f3zef Koz\u0142owski, sowie Jacques Duphly werden vom Ensemble Cantica Sacra mit Zuzanna KULISZEWSKA \u2013 Sopran, [&hellip;]<\/p>\n","protected":false},"author":147,"featured_media":439,"comment_status":"closed","ping_status":"closed","sticky":false,"template":"","format":"standard","meta":{"_et_pb_use_builder":"on","_et_pb_old_content":"","_et_gb_content_width":"","ngg_post_thumbnail":0,"footnotes":""},"categories":[1],"tags":[],"class_list":["post-6413","post","type-post","status-publish","format-standard","has-post-thumbnail","hentry","category-bez-kategorii"],"_links":{"self":[{"href":"https:\/\/gemeinde.jezuici.pl\/index.php?rest_route=\/wp\/v2\/posts\/6413","targetHints":{"allow":["GET"]}}],"collection":[{"href":"https:\/\/gemeinde.jezuici.pl\/index.php?rest_route=\/wp\/v2\/posts"}],"about":[{"href":"https:\/\/gemeinde.jezuici.pl\/index.php?rest_route=\/wp\/v2\/types\/post"}],"author":[{"embeddable":true,"href":"https:\/\/gemeinde.jezuici.pl\/index.php?rest_route=\/wp\/v2\/users\/147"}],"replies":[{"embeddable":true,"href":"https:\/\/gemeinde.jezuici.pl\/index.php?rest_route=%2Fwp%2Fv2%2Fcomments&post=6413"}],"version-history":[{"count":4,"href":"https:\/\/gemeinde.jezuici.pl\/index.php?rest_route=\/wp\/v2\/posts\/6413\/revisions"}],"predecessor-version":[{"id":6419,"href":"https:\/\/gemeinde.jezuici.pl\/index.php?rest_route=\/wp\/v2\/posts\/6413\/revisions\/6419"}],"wp:featuredmedia":[{"embeddable":true,"href":"https:\/\/gemeinde.jezuici.pl\/index.php?rest_route=\/wp\/v2\/media\/439"}],"wp:attachment":[{"href":"https:\/\/gemeinde.jezuici.pl\/index.php?rest_route=%2Fwp%2Fv2%2Fmedia&parent=6413"}],"wp:term":[{"taxonomy":"category","embeddable":true,"href":"https:\/\/gemeinde.jezuici.pl\/index.php?rest_route=%2Fwp%2Fv2%2Fcategories&post=6413"},{"taxonomy":"post_tag","embeddable":true,"href":"https:\/\/gemeinde.jezuici.pl\/index.php?rest_route=%2Fwp%2Fv2%2Ftags&post=6413"}],"curies":[{"name":"wp","href":"https:\/\/api.w.org\/{rel}","templated":true}]}}