{"id":6399,"date":"2023-11-03T11:43:48","date_gmt":"2023-11-03T11:43:48","guid":{"rendered":"https:\/\/gemeinde.jezuici.pl\/?p=6399"},"modified":"2023-11-03T11:45:35","modified_gmt":"2023-11-03T11:45:35","slug":"gedenkmesse-fuer-lucyna-szramik","status":"publish","type":"post","link":"https:\/\/gemeinde.jezuici.pl\/?p=6399","title":{"rendered":"Gedenkmesse f\u00fcr Lucyna Szramik"},"content":{"rendered":"<p>[et_pb_section fb_built=&#8220;1&#8243; admin_label=&#8220;section&#8220; _builder_version=&#8220;4.16&#8243; global_colors_info=&#8220;{}&#8220;][et_pb_row column_structure=&#8220;2_5,3_5&#8243; admin_label=&#8220;row&#8220; _builder_version=&#8220;4.16&#8243; background_size=&#8220;initial&#8220; background_position=&#8220;top_left&#8220; background_repeat=&#8220;repeat&#8220; global_colors_info=&#8220;{}&#8220;][et_pb_column type=&#8220;2_5&#8243; _builder_version=&#8220;4.16&#8243; custom_padding=&#8220;|||&#8220; global_colors_info=&#8220;{}&#8220; custom_padding__hover=&#8220;|||&#8220;][et_pb_image src=&#8220;https:\/\/gemeinde.jezuici.pl\/files\/2023\/11\/Plakat-05.11.2023-02.jpg&#8220; title_text=&#8220;Plakat 05.11.2023 02&#8243; url=&#8220;https:\/\/gemeinde.jezuici.pl\/files\/2023\/11\/Plakat-05.11.2023-02.jpg&#8220; _builder_version=&#8220;4.23&#8243; _module_preset=&#8220;default&#8220; global_colors_info=&#8220;{}&#8220;][\/et_pb_image][\/et_pb_column][et_pb_column type=&#8220;3_5&#8243; _builder_version=&#8220;4.16&#8243; custom_padding=&#8220;|||&#8220; global_colors_info=&#8220;{}&#8220; custom_padding__hover=&#8220;|||&#8220;][et_pb_text _builder_version=&#8220;4.23&#8243; _module_preset=&#8220;default&#8220; global_colors_info=&#8220;{}&#8220;]<\/p>\n<p>Am<strong> Sonntag, den 5.11.2023<\/strong>, findet um <strong>14.30 Uhr<\/strong> zum dritten Todestag<br \/>von Lucyna SZRAMIK (1960-2020) eine musikalische Gedenkmesse in der Sankt Barbara Kirche statt. Unter der Leitung von Marek KLUZA werden im Rahmen der Liturgie Werke von W. A. MOZART, Alessandro STRADELLA, J. S. BACH, John JOHNSON, WAC\u0141AW Z SZAMOTU\u0141 und J\u00f3zef \u015aWIDER aufgef\u00fchrt. Die Musik wird vom Vokalensemble der Musikschule Karlowicz, Kollegen und Freunden der Verstorbenen,&nbsp; mit den Solostimmen Karin WIKTOR-KA\u0141UCKA \u2013 Sopran und Jolanta MARUSZAK \u2013 Mezzosopran, sowie Piotr TARCHOLIK \u2013 Violine und \u0141ukasz Miko\u0142aj MATEJA \u2013 Orgel, dargeboten.<br \/>Die vorgetragenenen liturgischen Texte an diesem 31. Sonntag im Jahreskreis sind: Mal 1, 14b &#8211; 2, 2b.8-10, 1 Thess 2, 7b-9.13, Mt 23, 1-12.<\/p>\n<p><strong>Wir laden herzlich zur Teilnahme ein!<\/strong><\/p>\n<p>[\/et_pb_text][\/et_pb_column][\/et_pb_row][\/et_pb_section]<\/p>\n","protected":false},"excerpt":{"rendered":"<p>Am Sonntag, den 5.11.2023, findet um 14.30 Uhr zum dritten Todestagvon Lucyna SZRAMIK (1960-2020) eine musikalische Gedenkmesse in der Sankt Barbara Kirche statt. Unter der Leitung von Marek KLUZA werden im Rahmen der Liturgie Werke von W. A. MOZART, Alessandro STRADELLA, J. S. BACH, John JOHNSON, WAC\u0141AW Z SZAMOTU\u0141 und J\u00f3zef \u015aWIDER aufgef\u00fchrt. Die Musik [&hellip;]<\/p>\n","protected":false},"author":147,"featured_media":6400,"comment_status":"closed","ping_status":"closed","sticky":false,"template":"","format":"standard","meta":{"_et_pb_use_builder":"on","_et_pb_old_content":"","_et_gb_content_width":"","ngg_post_thumbnail":0,"footnotes":""},"categories":[1],"tags":[],"class_list":["post-6399","post","type-post","status-publish","format-standard","has-post-thumbnail","hentry","category-bez-kategorii"],"_links":{"self":[{"href":"https:\/\/gemeinde.jezuici.pl\/index.php?rest_route=\/wp\/v2\/posts\/6399","targetHints":{"allow":["GET"]}}],"collection":[{"href":"https:\/\/gemeinde.jezuici.pl\/index.php?rest_route=\/wp\/v2\/posts"}],"about":[{"href":"https:\/\/gemeinde.jezuici.pl\/index.php?rest_route=\/wp\/v2\/types\/post"}],"author":[{"embeddable":true,"href":"https:\/\/gemeinde.jezuici.pl\/index.php?rest_route=\/wp\/v2\/users\/147"}],"replies":[{"embeddable":true,"href":"https:\/\/gemeinde.jezuici.pl\/index.php?rest_route=%2Fwp%2Fv2%2Fcomments&post=6399"}],"version-history":[{"count":4,"href":"https:\/\/gemeinde.jezuici.pl\/index.php?rest_route=\/wp\/v2\/posts\/6399\/revisions"}],"predecessor-version":[{"id":6405,"href":"https:\/\/gemeinde.jezuici.pl\/index.php?rest_route=\/wp\/v2\/posts\/6399\/revisions\/6405"}],"wp:featuredmedia":[{"embeddable":true,"href":"https:\/\/gemeinde.jezuici.pl\/index.php?rest_route=\/wp\/v2\/media\/6400"}],"wp:attachment":[{"href":"https:\/\/gemeinde.jezuici.pl\/index.php?rest_route=%2Fwp%2Fv2%2Fmedia&parent=6399"}],"wp:term":[{"taxonomy":"category","embeddable":true,"href":"https:\/\/gemeinde.jezuici.pl\/index.php?rest_route=%2Fwp%2Fv2%2Fcategories&post=6399"},{"taxonomy":"post_tag","embeddable":true,"href":"https:\/\/gemeinde.jezuici.pl\/index.php?rest_route=%2Fwp%2Fv2%2Ftags&post=6399"}],"curies":[{"name":"wp","href":"https:\/\/api.w.org\/{rel}","templated":true}]}}