{"id":6269,"date":"2023-01-13T17:47:51","date_gmt":"2023-01-13T17:47:51","guid":{"rendered":"https:\/\/gemeinde.jezuici.pl\/?p=6269"},"modified":"2023-05-30T13:12:06","modified_gmt":"2023-05-30T13:12:06","slug":"deutschsprachige-sonntagsmesse-in-krakau","status":"publish","type":"post","link":"https:\/\/gemeinde.jezuici.pl\/?p=6269","title":{"rendered":"Deutschsprachige Sonntagsmesse in Krakau"},"content":{"rendered":"<p>[et_pb_section fb_built=&#8220;1&#8243; admin_label=&#8220;section&#8220; _builder_version=&#8220;4.16&#8243; global_colors_info=&#8220;{}&#8220;][et_pb_row column_structure=&#8220;1_2,1_2&#8243; admin_label=&#8220;row&#8220; _builder_version=&#8220;4.16&#8243; background_size=&#8220;initial&#8220; background_position=&#8220;top_left&#8220; background_repeat=&#8220;repeat&#8220; global_colors_info=&#8220;{}&#8220;][et_pb_column type=&#8220;1_2&#8243; _builder_version=&#8220;4.16&#8243; custom_padding=&#8220;|||&#8220; global_colors_info=&#8220;{}&#8220; custom_padding__hover=&#8220;|||&#8220;][et_pb_image src=&#8220;https:\/\/gemeinde.jezuici.pl\/files\/2020\/10\/FERENCZY-Karoly.jpg&#8220; title_text=&#8220;FERENCZY, K\u00e1roly&#8220; _builder_version=&#8220;4.21.0&#8243; _module_preset=&#8220;default&#8220; global_colors_info=&#8220;{}&#8220;][\/et_pb_image][et_pb_text _builder_version=&#8220;4.21.0&#8243; _module_preset=&#8220;default&#8220; global_colors_info=&#8220;{}&#8220;]<\/p>\n<p>Die Bergpredigt <br \/>K\u00e1roly Ferenczy <br \/>1896 <\/p>\n<p>[\/et_pb_text][\/et_pb_column][et_pb_column type=&#8220;1_2&#8243; _builder_version=&#8220;4.16&#8243; custom_padding=&#8220;|||&#8220; global_colors_info=&#8220;{}&#8220; custom_padding__hover=&#8220;|||&#8220;][et_pb_text _builder_version=&#8220;4.19.4&#8243; _module_preset=&#8220;default&#8220; global_colors_info=&#8220;{}&#8220;]<\/p>\n<p><strong>An allen Sonntagen<\/strong> wird in der Sankt Barbarakirche in Krakau um <strong>14.30 Uhr<\/strong> der Gottesdienst in deutscher Sprache gefeiert. Die Messe zelebriert Pater Christian Biernacki SJ. Die Texte der jeweiligen Lesungen und des Evangeliums, sowie das musikalische Programm der Sonntagsmesse werden in der <a href=\"https:\/\/gemeinde.jezuici.pl\/?page_id=16\">Gottesdienstordnung<\/a> angef\u00fchrt. F\u00fcr die musikalische Umsetzung sorgt der Organist und Kantor Dr. \u0141ukasz Miko\u0142aj Mateja.<\/p>\n<p><strong>Die deutschsprachige Gemeinde bei den Jesuiten in Krakau<\/strong><br \/><strong>l\u00e4dt herzlich zur Teilnahme ein!<\/strong><\/p>\n<p>[\/et_pb_text][\/et_pb_column][\/et_pb_row][\/et_pb_section]<\/p>\n","protected":false},"excerpt":{"rendered":"<p>Die Bergpredigt K\u00e1roly Ferenczy 1896 An allen Sonntagen wird in der Sankt Barbarakirche in Krakau um 14.30 Uhr der Gottesdienst in deutscher Sprache gefeiert. Die Messe zelebriert Pater Christian Biernacki SJ. Die Texte der jeweiligen Lesungen und des Evangeliums, sowie das musikalische Programm der Sonntagsmesse werden in der Gottesdienstordnung angef\u00fchrt. F\u00fcr die musikalische Umsetzung sorgt [&hellip;]<\/p>\n","protected":false},"author":147,"featured_media":4013,"comment_status":"closed","ping_status":"closed","sticky":true,"template":"","format":"standard","meta":{"_et_pb_use_builder":"on","_et_pb_old_content":"","_et_gb_content_width":"","ngg_post_thumbnail":0,"footnotes":""},"categories":[1],"tags":[],"class_list":["post-6269","post","type-post","status-publish","format-standard","has-post-thumbnail","hentry","category-bez-kategorii"],"_links":{"self":[{"href":"https:\/\/gemeinde.jezuici.pl\/index.php?rest_route=\/wp\/v2\/posts\/6269","targetHints":{"allow":["GET"]}}],"collection":[{"href":"https:\/\/gemeinde.jezuici.pl\/index.php?rest_route=\/wp\/v2\/posts"}],"about":[{"href":"https:\/\/gemeinde.jezuici.pl\/index.php?rest_route=\/wp\/v2\/types\/post"}],"author":[{"embeddable":true,"href":"https:\/\/gemeinde.jezuici.pl\/index.php?rest_route=\/wp\/v2\/users\/147"}],"replies":[{"embeddable":true,"href":"https:\/\/gemeinde.jezuici.pl\/index.php?rest_route=%2Fwp%2Fv2%2Fcomments&post=6269"}],"version-history":[{"count":6,"href":"https:\/\/gemeinde.jezuici.pl\/index.php?rest_route=\/wp\/v2\/posts\/6269\/revisions"}],"predecessor-version":[{"id":6303,"href":"https:\/\/gemeinde.jezuici.pl\/index.php?rest_route=\/wp\/v2\/posts\/6269\/revisions\/6303"}],"wp:featuredmedia":[{"embeddable":true,"href":"https:\/\/gemeinde.jezuici.pl\/index.php?rest_route=\/wp\/v2\/media\/4013"}],"wp:attachment":[{"href":"https:\/\/gemeinde.jezuici.pl\/index.php?rest_route=%2Fwp%2Fv2%2Fmedia&parent=6269"}],"wp:term":[{"taxonomy":"category","embeddable":true,"href":"https:\/\/gemeinde.jezuici.pl\/index.php?rest_route=%2Fwp%2Fv2%2Fcategories&post=6269"},{"taxonomy":"post_tag","embeddable":true,"href":"https:\/\/gemeinde.jezuici.pl\/index.php?rest_route=%2Fwp%2Fv2%2Ftags&post=6269"}],"curies":[{"name":"wp","href":"https:\/\/api.w.org\/{rel}","templated":true}]}}