{"id":5621,"date":"2022-01-13T16:11:57","date_gmt":"2022-01-13T16:11:57","guid":{"rendered":"https:\/\/www.gemeinde.jezuici.pl\/?p=5621"},"modified":"2022-01-13T16:12:00","modified_gmt":"2022-01-13T16:12:00","slug":"voll-vertrauen-zu-dir","status":"publish","type":"post","link":"https:\/\/gemeinde.jezuici.pl\/?p=5621","title":{"rendered":"Voll Vertrauen zu Dir"},"content":{"rendered":"<p>[et_pb_section fb_built=&#8220;1&#8243; admin_label=&#8220;section&#8220; _builder_version=&#8220;3.22&#8243; global_colors_info=&#8220;{}&#8220;][et_pb_row column_structure=&#8220;2_5,3_5&#8243; admin_label=&#8220;row&#8220; _builder_version=&#8220;3.25&#8243; background_size=&#8220;initial&#8220; background_position=&#8220;top_left&#8220; background_repeat=&#8220;repeat&#8220; global_colors_info=&#8220;{}&#8220;][et_pb_column type=&#8220;2_5&#8243; _builder_version=&#8220;3.25&#8243; custom_padding=&#8220;|||&#8220; global_colors_info=&#8220;{}&#8220; custom_padding__hover=&#8220;|||&#8220;][et_pb_image src=&#8220;https:\/\/www.gemeinde.jezuici.pl\/files\/2022\/01\/Gemeindeblatt-Januar_2022.png&#8220; title_text=&#8220;Gemeindeblatt Januar_2022&#8243; _builder_version=&#8220;4.14.4&#8243; _module_preset=&#8220;default&#8220; global_colors_info=&#8220;{}&#8220;][\/et_pb_image][\/et_pb_column][et_pb_column type=&#8220;3_5&#8243; _builder_version=&#8220;3.25&#8243; custom_padding=&#8220;|||&#8220; global_colors_info=&#8220;{}&#8220; custom_padding__hover=&#8220;|||&#8220;][et_pb_text _builder_version=&#8220;4.14.4&#8243; _module_preset=&#8220;default&#8220; hover_enabled=&#8220;0&#8243; global_colors_info=&#8220;{}&#8220; sticky_enabled=&#8220;0&#8243;]<\/p>\n<blockquote>\n<p><strong>Mitten in der Dunkelheit, <\/strong><br \/><strong>in der die Menschen lebten, <\/strong><br \/><strong>leuchtete der Stern aus dem Osten. <\/strong><br \/><strong>In ihm sehen wir ein Licht, <\/strong><br \/><strong>das in die Tiefen <\/strong><br \/><strong>der Dunkelheit eindringt, <\/strong><br \/><strong>die uns voneinander trennt. <\/strong><br \/><strong>Das Licht des Sterns erstrahlte nicht <\/strong><br \/><strong>nur an einem bestimmten <\/strong><br \/><strong>Augenblick in der Geschichte, <\/strong><br \/><strong>sondern es leuchtet noch immer <\/strong><br \/><strong>und ver\u00e4ndert den Lauf der Geschichte.<\/strong><br \/>\u00d6kumene Gebetswoche 2022<\/p>\n<\/blockquote>\n<p>[\/et_pb_text][\/et_pb_column][\/et_pb_row][et_pb_row column_structure=&#8220;2_5,3_5&#8243; _builder_version=&#8220;4.14.4&#8243; _module_preset=&#8220;default&#8220; global_colors_info=&#8220;{}&#8220;][et_pb_column type=&#8220;2_5&#8243; _builder_version=&#8220;4.14.4&#8243; _module_preset=&#8220;default&#8220; global_colors_info=&#8220;{}&#8220;][et_pb_text _builder_version=&#8220;4.14.4&#8243; _module_preset=&#8220;default&#8220; hover_enabled=&#8220;0&#8243; global_colors_info=&#8220;{}&#8220; sticky_enabled=&#8220;0&#8243;]<\/p>\n<p><a href=\"https:\/\/www.gemeinde.jezuici.pl\/files\/2022\/01\/Gemeindeblatt-Januar_2022.pdf\"><strong>Gemeindeblatt Sankt Barbara<\/strong><\/a><br \/><a href=\"https:\/\/www.gemeinde.jezuici.pl\/files\/2022\/01\/Gemeindeblatt-Januar_2022.pdf\"><strong>Aktuelle Ausgabe Januar 2022<\/strong><\/a><br \/><strong>Zur freien Nachlese<\/strong><\/p>\n<p>[\/et_pb_text][\/et_pb_column][et_pb_column type=&#8220;3_5&#8243; _builder_version=&#8220;4.14.4&#8243; _module_preset=&#8220;default&#8220; global_colors_info=&#8220;{}&#8220;][et_pb_text _builder_version=&#8220;4.14.4&#8243; _module_preset=&#8220;default&#8220; global_colors_info=&#8220;{}&#8220;]<\/p>\n<p>Am <strong>Sonntag<\/strong>, dem <strong>16. Januar 2022<\/strong>, l\u00e4dt die Gemeinde Sankt Barbara bei den Jesuiten in Krakau um 14.30 Uhr zum Gottesdienstes in deutscher Sprache. Die Teste der Lesungen und des Evangeliums sind: Jes 62, 1-5, 1 Kor 12, 4-11, Joh 2, 1-11 . Es zelebriert Pater Christian Biernacki SJ.<br \/>Integriert in den Gottesdienst wird u.a. zu h\u00f6ren sein: Gabriel&#8217;s Oboe von Enio Morricone, gespielt vom Organisten und Kantor Dr. \u0141ukasz Miko\u0142aj Mateja.<\/p>\n<p><strong>Wir laden herzlich ein!<\/strong><\/p>\n<p><span style=\"color: #808080\">Ab dem Betreten des Kircheninneren oder der Sakristei bitten wir die Besucher eine Maske zu tragen und zu Ihrem eigenen Schutz und dem Ihrer Mitmenschen nur <strong>genesen, beziehungsweise vollst\u00e4ndig geimpft<\/strong> an der Messfeier teilzunehmen.<\/span><\/p>\n<p>[\/et_pb_text][\/et_pb_column][\/et_pb_row][\/et_pb_section]<\/p>\n","protected":false},"excerpt":{"rendered":"<p>Mitten in der Dunkelheit, in der die Menschen lebten, leuchtete der Stern aus dem Osten. In ihm sehen wir ein Licht, das in die Tiefen der Dunkelheit eindringt, die uns voneinander trennt. Das Licht des Sterns erstrahlte nicht nur an einem bestimmten Augenblick in der Geschichte, sondern es leuchtet noch immer und ver\u00e4ndert den Lauf [&hellip;]<\/p>\n","protected":false},"author":147,"featured_media":5622,"comment_status":"closed","ping_status":"closed","sticky":false,"template":"","format":"standard","meta":{"_et_pb_use_builder":"on","_et_pb_old_content":"","_et_gb_content_width":"","ngg_post_thumbnail":0,"footnotes":""},"categories":[1],"tags":[],"class_list":["post-5621","post","type-post","status-publish","format-standard","has-post-thumbnail","hentry","category-bez-kategorii"],"_links":{"self":[{"href":"https:\/\/gemeinde.jezuici.pl\/index.php?rest_route=\/wp\/v2\/posts\/5621","targetHints":{"allow":["GET"]}}],"collection":[{"href":"https:\/\/gemeinde.jezuici.pl\/index.php?rest_route=\/wp\/v2\/posts"}],"about":[{"href":"https:\/\/gemeinde.jezuici.pl\/index.php?rest_route=\/wp\/v2\/types\/post"}],"author":[{"embeddable":true,"href":"https:\/\/gemeinde.jezuici.pl\/index.php?rest_route=\/wp\/v2\/users\/147"}],"replies":[{"embeddable":true,"href":"https:\/\/gemeinde.jezuici.pl\/index.php?rest_route=%2Fwp%2Fv2%2Fcomments&post=5621"}],"version-history":[{"count":7,"href":"https:\/\/gemeinde.jezuici.pl\/index.php?rest_route=\/wp\/v2\/posts\/5621\/revisions"}],"predecessor-version":[{"id":5631,"href":"https:\/\/gemeinde.jezuici.pl\/index.php?rest_route=\/wp\/v2\/posts\/5621\/revisions\/5631"}],"wp:featuredmedia":[{"embeddable":true,"href":"https:\/\/gemeinde.jezuici.pl\/index.php?rest_route=\/wp\/v2\/media\/5622"}],"wp:attachment":[{"href":"https:\/\/gemeinde.jezuici.pl\/index.php?rest_route=%2Fwp%2Fv2%2Fmedia&parent=5621"}],"wp:term":[{"taxonomy":"category","embeddable":true,"href":"https:\/\/gemeinde.jezuici.pl\/index.php?rest_route=%2Fwp%2Fv2%2Fcategories&post=5621"},{"taxonomy":"post_tag","embeddable":true,"href":"https:\/\/gemeinde.jezuici.pl\/index.php?rest_route=%2Fwp%2Fv2%2Ftags&post=5621"}],"curies":[{"name":"wp","href":"https:\/\/api.w.org\/{rel}","templated":true}]}}