{"id":5562,"date":"2021-12-23T17:16:54","date_gmt":"2021-12-23T17:16:54","guid":{"rendered":"https:\/\/www.gemeinde.jezuici.pl\/?p=5562"},"modified":"2021-12-23T17:22:19","modified_gmt":"2021-12-23T17:22:19","slug":"weihnachten-und-stefanitag","status":"publish","type":"post","link":"https:\/\/gemeinde.jezuici.pl\/?p=5562","title":{"rendered":"Weihnachten und Stefanitag"},"content":{"rendered":"<p>[et_pb_section fb_built=&#8220;1&#8243; admin_label=&#8220;section&#8220; _builder_version=&#8220;3.22&#8243; global_colors_info=&#8220;{}&#8220;][et_pb_row column_structure=&#8220;2_5,3_5&#8243; admin_label=&#8220;row&#8220; _builder_version=&#8220;3.25&#8243; background_size=&#8220;initial&#8220; background_position=&#8220;top_left&#8220; background_repeat=&#8220;repeat&#8220; global_colors_info=&#8220;{}&#8220;][et_pb_column type=&#8220;2_5&#8243; _builder_version=&#8220;3.25&#8243; custom_padding=&#8220;|||&#8220; global_colors_info=&#8220;{}&#8220; custom_padding__hover=&#8220;|||&#8220;][et_pb_image src=&#8220;https:\/\/www.gemeinde.jezuici.pl\/files\/2021\/12\/Agnolo-Bronzino_adoracion.jpg&#8220; title_text=&#8220;Agnolo Bronzino_adoracion&#8220; _builder_version=&#8220;4.14.4&#8243; _module_preset=&#8220;default&#8220; global_colors_info=&#8220;{}&#8220;][\/et_pb_image][\/et_pb_column][et_pb_column type=&#8220;3_5&#8243; _builder_version=&#8220;3.25&#8243; custom_padding=&#8220;|||&#8220; global_colors_info=&#8220;{}&#8220; custom_padding__hover=&#8220;|||&#8220;][et_pb_text _builder_version=&#8220;4.14.4&#8243; _module_preset=&#8220;default&#8220; hover_enabled=&#8220;0&#8243; global_colors_info=&#8220;{}&#8220; sticky_enabled=&#8220;0&#8243;]<\/p>\n<blockquote>\n<p><strong>Im Anfang war das Wort <\/strong><br \/><strong>und das Wort war bei Gott <\/strong><br \/><strong>und das Wort war Gott. <\/strong><br \/><strong>Dieses war im Anfang bei Gott. <\/strong><br \/><strong>Alles ist durch das Wort geworden <\/strong><br \/><strong>und ohne es wurde nichts, was geworden ist. <br \/><\/strong><\/p>\n<p><strong>In ihm war Leben <\/strong><br \/><strong>und das Leben war das Licht der Menschen. <\/strong><br \/><strong>Und das Licht leuchtet in der Finsternis&nbsp; <\/strong><br \/><strong>und die Finsternis hat es nicht erfasst.&nbsp; <\/strong><br \/>Joh 1,1-5 <\/p>\n<\/blockquote>\n<p>[\/et_pb_text][\/et_pb_column][\/et_pb_row][et_pb_row column_structure=&#8220;2_5,3_5&#8243; _builder_version=&#8220;4.14.4&#8243; _module_preset=&#8220;default&#8220; global_colors_info=&#8220;{}&#8220;][et_pb_column type=&#8220;2_5&#8243; _builder_version=&#8220;4.14.4&#8243; _module_preset=&#8220;default&#8220; global_colors_info=&#8220;{}&#8220;][et_pb_text _builder_version=&#8220;4.14.4&#8243; _module_preset=&#8220;default&#8220; global_colors_info=&#8220;{}&#8220;]<\/p>\n<p><em>Beitragsbild: <\/em><br \/><em>Agnolo Bronzino<\/em><br \/><em>Die Anbetung der Hirten<\/em><br \/><em>1539-40<\/em><br \/><em>Sz\u00e9pm\u00fbv\u00e9szeti M\u00fazeum<\/em><br \/><em>Budapest<\/em><\/p>\n<p>[\/et_pb_text][\/et_pb_column][et_pb_column type=&#8220;3_5&#8243; _builder_version=&#8220;4.14.4&#8243; _module_preset=&#8220;default&#8220; global_colors_info=&#8220;{}&#8220;][et_pb_text _builder_version=&#8220;4.14.4&#8243; _module_preset=&#8220;default&#8220; global_colors_info=&#8220;{}&#8220;]<\/p>\n<p>Am <strong>Samstag<\/strong>, dem <strong>25. Dezember 2021<\/strong>, am Weihnachtstag, l\u00e4dt die Gemeinde Sankt Barbara bei den Jesuiten in Krakau um 14.30 Uhr zum Hochfest der Geburt Christi in die Sankt Barbara Kirche. Die Texte der ersten und zweiten Lesungen und des Evangeliums: Jes 52, 7-10, Hebr 1, 1-6, Joh 1, 1-18. Es zelebriert Pater Christian Biernacki SJ.<br \/>In musikalischer Erg\u00e4nzung zur Messe wird u.a. der Choral &#8222;Der Tag, der ist so freudenreich\u201d<br \/>BWV 605, gespielt vom Organisten und Kantor Dr. \u0141ukasz Miko\u0142aj Mataja, zu h\u00f6ren sein.<\/p>\n<p>Auch am anschlie\u00dfenden <strong>Stefanitag<\/strong>, am <strong>Sonntag<\/strong>, dem <strong>26. Dezember 2021<\/strong>, l\u00e4dt die Gemeinde Sankt Barbara zur Feier des Hochfestes der Heiligen Familie. Die Texte der ersten und zweiten Lesungen und des Evangeliums sind: Sir 3, 2-6.12-14 (3-7.14-17a), Kol 3, 12-21, Lk 2, 41-52. Es zelebriert Pater Christian Biernacki SJ.<br \/>Organist und Kantor Dr. \u0141ukasz Miko\u0142aj Mateja spielt unter anderem den Choral \u201eNun komm, der Heiden Heiland\u201d, BWV 599, von Johann Sebastian Bach.<\/p>\n<p><strong>Wir laden herzlich ein und w\u00fcnschen eine besinnliche Weihnachtszeit!<\/strong><\/p>\n<p>[\/et_pb_text][\/et_pb_column][\/et_pb_row][\/et_pb_section]<\/p>\n","protected":false},"excerpt":{"rendered":"<p>Im Anfang war das Wort und das Wort war bei Gott und das Wort war Gott. Dieses war im Anfang bei Gott. Alles ist durch das Wort geworden und ohne es wurde nichts, was geworden ist. In ihm war Leben und das Leben war das Licht der Menschen. Und das Licht leuchtet in der Finsternis&nbsp; [&hellip;]<\/p>\n","protected":false},"author":147,"featured_media":5563,"comment_status":"closed","ping_status":"closed","sticky":false,"template":"","format":"standard","meta":{"_et_pb_use_builder":"on","_et_pb_old_content":"","_et_gb_content_width":"","ngg_post_thumbnail":0,"footnotes":""},"categories":[1],"tags":[],"class_list":["post-5562","post","type-post","status-publish","format-standard","has-post-thumbnail","hentry","category-bez-kategorii"],"_links":{"self":[{"href":"https:\/\/gemeinde.jezuici.pl\/index.php?rest_route=\/wp\/v2\/posts\/5562","targetHints":{"allow":["GET"]}}],"collection":[{"href":"https:\/\/gemeinde.jezuici.pl\/index.php?rest_route=\/wp\/v2\/posts"}],"about":[{"href":"https:\/\/gemeinde.jezuici.pl\/index.php?rest_route=\/wp\/v2\/types\/post"}],"author":[{"embeddable":true,"href":"https:\/\/gemeinde.jezuici.pl\/index.php?rest_route=\/wp\/v2\/users\/147"}],"replies":[{"embeddable":true,"href":"https:\/\/gemeinde.jezuici.pl\/index.php?rest_route=%2Fwp%2Fv2%2Fcomments&post=5562"}],"version-history":[{"count":12,"href":"https:\/\/gemeinde.jezuici.pl\/index.php?rest_route=\/wp\/v2\/posts\/5562\/revisions"}],"predecessor-version":[{"id":5582,"href":"https:\/\/gemeinde.jezuici.pl\/index.php?rest_route=\/wp\/v2\/posts\/5562\/revisions\/5582"}],"wp:featuredmedia":[{"embeddable":true,"href":"https:\/\/gemeinde.jezuici.pl\/index.php?rest_route=\/wp\/v2\/media\/5563"}],"wp:attachment":[{"href":"https:\/\/gemeinde.jezuici.pl\/index.php?rest_route=%2Fwp%2Fv2%2Fmedia&parent=5562"}],"wp:term":[{"taxonomy":"category","embeddable":true,"href":"https:\/\/gemeinde.jezuici.pl\/index.php?rest_route=%2Fwp%2Fv2%2Fcategories&post=5562"},{"taxonomy":"post_tag","embeddable":true,"href":"https:\/\/gemeinde.jezuici.pl\/index.php?rest_route=%2Fwp%2Fv2%2Ftags&post=5562"}],"curies":[{"name":"wp","href":"https:\/\/api.w.org\/{rel}","templated":true}]}}