{"id":5508,"date":"2021-11-29T09:14:47","date_gmt":"2021-11-29T09:14:47","guid":{"rendered":"https:\/\/www.gemeinde.jezuici.pl\/?p=5508"},"modified":"2021-11-29T09:17:26","modified_gmt":"2021-11-29T09:17:26","slug":"zweiter-adventssonntag","status":"publish","type":"post","link":"https:\/\/gemeinde.jezuici.pl\/?p=5508","title":{"rendered":"Zweiter Adventssonntag"},"content":{"rendered":"<p>[et_pb_section fb_built=&#8220;1&#8243; admin_label=&#8220;section&#8220; _builder_version=&#8220;3.22&#8243; global_colors_info=&#8220;{}&#8220;][et_pb_row column_structure=&#8220;2_5,3_5&#8243; admin_label=&#8220;row&#8220; _builder_version=&#8220;3.25&#8243; background_size=&#8220;initial&#8220; background_position=&#8220;top_left&#8220; background_repeat=&#8220;repeat&#8220; global_colors_info=&#8220;{}&#8220;][et_pb_column type=&#8220;2_5&#8243; _builder_version=&#8220;3.25&#8243; custom_padding=&#8220;|||&#8220; global_colors_info=&#8220;{}&#8220; custom_padding__hover=&#8220;|||&#8220;][et_pb_image src=&#8220;https:\/\/www.gemeinde.jezuici.pl\/files\/2021\/11\/Baruch.jpg&#8220; title_text=&#8220;Baruch&#8220; _builder_version=&#8220;4.14.1&#8243; _module_preset=&#8220;default&#8220; global_colors_info=&#8220;{}&#8220;][\/et_pb_image][\/et_pb_column][et_pb_column type=&#8220;3_5&#8243; _builder_version=&#8220;3.25&#8243; custom_padding=&#8220;|||&#8220; global_colors_info=&#8220;{}&#8220; custom_padding__hover=&#8220;|||&#8220;][et_pb_text _builder_version=&#8220;4.14.1&#8243; _module_preset=&#8220;default&#8220; global_colors_info=&#8220;{}&#8220;]<\/p>\n<blockquote>\n<p><strong>Leg ab, Jerusalem, das Kleid deiner Trauer und deines Elends <\/strong><br \/><strong>und bekleide dich mit dem Schmuck der Herrlichkeit, <\/strong><br \/><strong>die Gott dir f\u00fcr immer verleiht! <\/strong><br \/><strong>Leg den Mantel der g\u00f6ttlichen Gerechtigkeit an; <\/strong><br \/><strong>setz dir die Krone der Herrlichkeit des Ewigen aufs Haupt! <\/strong><br \/><strong>Denn Gott will deinen Glanz <\/strong><br \/><strong>dem ganzen Erdkreis unter dem Himmel zeigen. <\/strong><br \/>Bar 5, 1-3 <\/p>\n<\/blockquote>\n<p>[\/et_pb_text][\/et_pb_column][\/et_pb_row][et_pb_row column_structure=&#8220;2_5,3_5&#8243; _builder_version=&#8220;4.14.1&#8243; _module_preset=&#8220;default&#8220; global_colors_info=&#8220;{}&#8220;][et_pb_column type=&#8220;2_5&#8243; _builder_version=&#8220;4.14.1&#8243; _module_preset=&#8220;default&#8220; global_colors_info=&#8220;{}&#8220;][et_pb_text _builder_version=&#8220;4.14.1&#8243; _module_preset=&#8220;default&#8220; global_colors_info=&#8220;{}&#8220;]<\/p>\n<p><em>Beitragsbild: <\/em><br \/><em>Gustave Dor\u00e9<\/em><br \/><em>Prophet Baruch<\/em><br \/><em>Radierung 1866<\/em><\/p>\n<p>[\/et_pb_text][\/et_pb_column][et_pb_column type=&#8220;3_5&#8243; _builder_version=&#8220;4.14.1&#8243; _module_preset=&#8220;default&#8220; global_colors_info=&#8220;{}&#8220;][et_pb_text _builder_version=&#8220;4.14.1&#8243; _module_preset=&#8220;default&#8220; global_colors_info=&#8220;{}&#8220;]<\/p>\n<p>Am <strong>05. Dezember 2021<\/strong>, dem 2. Adventssonntag, l\u00e4dt die Gemeinde Sankt Barbara bei den Jesuiten in Krakau um <strong>14.30 Uhr<\/strong> zum deutschsprachigen Gottesdienst in die Sankt Barbara Kirche. Die Texte der ersten und zweiten Lesungen und des Evangeliums sind: Bar 5, 1-9, Phil 1, 4-6.8-11, Lk 3, 1-6. Es zelebriert Pater Christian Biernacki SJ. <br \/>Die musikalische Gestaltung der Messe \u00fcbernimmt der Organist und Kantor Dr. \u0141ukasz Miko\u0142aj Mataja u.a. mit dem Choral &#8222;Gott, durch deine G\u00fcte&#8220; BWV 600 von Johann Sebastian Bach.<\/p>\n<p><strong>Herzlich Willkommen!<\/strong><\/p>\n<p>[\/et_pb_text][\/et_pb_column][\/et_pb_row][\/et_pb_section]<\/p>\n","protected":false},"excerpt":{"rendered":"<p>Leg ab, Jerusalem, das Kleid deiner Trauer und deines Elends und bekleide dich mit dem Schmuck der Herrlichkeit, die Gott dir f\u00fcr immer verleiht! Leg den Mantel der g\u00f6ttlichen Gerechtigkeit an; setz dir die Krone der Herrlichkeit des Ewigen aufs Haupt! Denn Gott will deinen Glanz dem ganzen Erdkreis unter dem Himmel zeigen. Bar 5, [&hellip;]<\/p>\n","protected":false},"author":147,"featured_media":5509,"comment_status":"closed","ping_status":"closed","sticky":false,"template":"","format":"standard","meta":{"_et_pb_use_builder":"on","_et_pb_old_content":"","_et_gb_content_width":"","ngg_post_thumbnail":0,"footnotes":""},"categories":[1],"tags":[],"class_list":["post-5508","post","type-post","status-publish","format-standard","has-post-thumbnail","hentry","category-bez-kategorii"],"_links":{"self":[{"href":"https:\/\/gemeinde.jezuici.pl\/index.php?rest_route=\/wp\/v2\/posts\/5508","targetHints":{"allow":["GET"]}}],"collection":[{"href":"https:\/\/gemeinde.jezuici.pl\/index.php?rest_route=\/wp\/v2\/posts"}],"about":[{"href":"https:\/\/gemeinde.jezuici.pl\/index.php?rest_route=\/wp\/v2\/types\/post"}],"author":[{"embeddable":true,"href":"https:\/\/gemeinde.jezuici.pl\/index.php?rest_route=\/wp\/v2\/users\/147"}],"replies":[{"embeddable":true,"href":"https:\/\/gemeinde.jezuici.pl\/index.php?rest_route=%2Fwp%2Fv2%2Fcomments&post=5508"}],"version-history":[{"count":8,"href":"https:\/\/gemeinde.jezuici.pl\/index.php?rest_route=\/wp\/v2\/posts\/5508\/revisions"}],"predecessor-version":[{"id":5519,"href":"https:\/\/gemeinde.jezuici.pl\/index.php?rest_route=\/wp\/v2\/posts\/5508\/revisions\/5519"}],"wp:featuredmedia":[{"embeddable":true,"href":"https:\/\/gemeinde.jezuici.pl\/index.php?rest_route=\/wp\/v2\/media\/5509"}],"wp:attachment":[{"href":"https:\/\/gemeinde.jezuici.pl\/index.php?rest_route=%2Fwp%2Fv2%2Fmedia&parent=5508"}],"wp:term":[{"taxonomy":"category","embeddable":true,"href":"https:\/\/gemeinde.jezuici.pl\/index.php?rest_route=%2Fwp%2Fv2%2Fcategories&post=5508"},{"taxonomy":"post_tag","embeddable":true,"href":"https:\/\/gemeinde.jezuici.pl\/index.php?rest_route=%2Fwp%2Fv2%2Ftags&post=5508"}],"curies":[{"name":"wp","href":"https:\/\/api.w.org\/{rel}","templated":true}]}}