{"id":5456,"date":"2021-11-12T17:45:49","date_gmt":"2021-11-12T17:45:49","guid":{"rendered":"https:\/\/www.gemeinde.jezuici.pl\/?p=5456"},"modified":"2021-11-12T17:45:51","modified_gmt":"2021-11-12T17:45:51","slug":"meine-worte-werden-nicht-vergehen","status":"publish","type":"post","link":"https:\/\/gemeinde.jezuici.pl\/?p=5456","title":{"rendered":"Meine Worte werden nicht vergehen"},"content":{"rendered":"<p>[et_pb_section fb_built=&#8220;1&#8243; admin_label=&#8220;section&#8220; _builder_version=&#8220;3.22&#8243; global_colors_info=&#8220;{}&#8220;][et_pb_row column_structure=&#8220;2_5,3_5&#8243; admin_label=&#8220;row&#8220; _builder_version=&#8220;3.25&#8243; background_size=&#8220;initial&#8220; background_position=&#8220;top_left&#8220; background_repeat=&#8220;repeat&#8220; global_colors_info=&#8220;{}&#8220;][et_pb_column type=&#8220;2_5&#8243; _builder_version=&#8220;3.25&#8243; custom_padding=&#8220;|||&#8220; global_colors_info=&#8220;{}&#8220; custom_padding__hover=&#8220;|||&#8220;][et_pb_image src=&#8220;https:\/\/www.gemeinde.jezuici.pl\/files\/2021\/11\/fra_angelico_judgement.jpg&#8220; title_text=&#8220;fra_angelico_judgement&#8220; _builder_version=&#8220;4.13.1&#8243; _module_preset=&#8220;default&#8220; global_colors_info=&#8220;{}&#8220;][\/et_pb_image][\/et_pb_column][et_pb_column type=&#8220;3_5&#8243; _builder_version=&#8220;3.25&#8243; custom_padding=&#8220;|||&#8220; global_colors_info=&#8220;{}&#8220; custom_padding__hover=&#8220;|||&#8220;][et_pb_text _builder_version=&#8220;4.13.1&#8243; _module_preset=&#8220;default&#8220; global_colors_info=&#8220;{}&#8220;]<\/p>\n<blockquote>\n<p><strong>So spricht der Herr: <br \/>Ich sinne Gedanken des Friedens und nicht des Unheils. <br \/>Wenn ihr mich anruft, so werde ich euch erh\u00f6ren <br \/>und euch aus der Gefangenschaft von allen Orten zusammenf\u00fchren. <br \/><\/strong>Jer 29, 11.12.14<\/p>\n<\/blockquote>\n<p>[\/et_pb_text][\/et_pb_column][\/et_pb_row][et_pb_row column_structure=&#8220;2_5,3_5&#8243; _builder_version=&#8220;4.13.1&#8243; _module_preset=&#8220;default&#8220; global_colors_info=&#8220;{}&#8220;][et_pb_column type=&#8220;2_5&#8243; _builder_version=&#8220;4.13.1&#8243; _module_preset=&#8220;default&#8220; global_colors_info=&#8220;{}&#8220;][et_pb_text _builder_version=&#8220;4.13.1&#8243; _module_preset=&#8220;default&#8220; global_colors_info=&#8220;{}&#8220;]<\/p>\n<p><em>Beitragsbild:<\/em><br \/><em>Fra Angelico<\/em><br \/><em>J\u00fcngstes Gericht (Detail)<\/em><br \/><em>ca. 1431<\/em><br \/><em>Museo di San Marco, Florenz<\/em><\/p>\n<p>[\/et_pb_text][\/et_pb_column][et_pb_column type=&#8220;3_5&#8243; _builder_version=&#8220;4.13.1&#8243; _module_preset=&#8220;default&#8220; global_colors_info=&#8220;{}&#8220;][et_pb_text _builder_version=&#8220;4.13.1&#8243; _module_preset=&#8220;default&#8220; global_colors_info=&#8220;{}&#8220;]<\/p>\n<p>Am <strong>Sonntag<\/strong>, dem <strong>14. November 2021<\/strong>, l\u00e4dt die Gemeinde Sankt Barbara bei den Jesuiten in Krakau um <strong>14.30 Uhr<\/strong> zum Gottesdienstes in deutscher Sprache. Die Teste der Lesungen und des Evangeliums an diesem 33. Sonntag im Jahreskreis sind: Dan 12, 1-3, Hebr 10, 11-14.18, Mk 13, 24-32. Es zelebriert Pater Christian Biernacki SJ.<br \/>Die Messe wird von Dr. \u0141ukasz Miko\u0142aj MATEJA musikalisch gestaltet. Dr. Mateja ist seit 1997 als Organist und Kantor f\u00fcr die deutschsprachige Gemeinde t\u00e4tig. Es wird u.a. die Kyrie delli Apostoli von Girolamo Frescobaldiyu h\u00f6ren sein.<\/p>\n<p>F\u00fcr die Ges\u00e4nge der Messfeier wird das Neue Gotteslob zur Verf\u00fcgung gestellt, des Weiteren liegt die aktuelle Ausgabe des Gemeindeblattes zur Mitnahme im Kircheninneren auf. Nach der Messe l\u00e4dt die Gemeinde wie immer f\u00fcr ein paar Minuten zum Ausklang, zum Plaudern und Kennenlernen, in die Sakristei.<\/p>\n<p><strong>Herzlich willkommen!<\/strong><\/p>\n<p>[\/et_pb_text][\/et_pb_column][\/et_pb_row][\/et_pb_section]<\/p>\n","protected":false},"excerpt":{"rendered":"<p>So spricht der Herr: Ich sinne Gedanken des Friedens und nicht des Unheils. Wenn ihr mich anruft, so werde ich euch erh\u00f6ren und euch aus der Gefangenschaft von allen Orten zusammenf\u00fchren. Jer 29, 11.12.14 Beitragsbild:Fra AngelicoJ\u00fcngstes Gericht (Detail)ca. 1431Museo di San Marco, FlorenzAm Sonntag, dem 14. November 2021, l\u00e4dt die Gemeinde Sankt Barbara bei den [&hellip;]<\/p>\n","protected":false},"author":147,"featured_media":5457,"comment_status":"closed","ping_status":"closed","sticky":false,"template":"","format":"standard","meta":{"_et_pb_use_builder":"on","_et_pb_old_content":"","_et_gb_content_width":"","ngg_post_thumbnail":0,"footnotes":""},"categories":[1],"tags":[],"class_list":["post-5456","post","type-post","status-publish","format-standard","has-post-thumbnail","hentry","category-bez-kategorii"],"_links":{"self":[{"href":"https:\/\/gemeinde.jezuici.pl\/index.php?rest_route=\/wp\/v2\/posts\/5456","targetHints":{"allow":["GET"]}}],"collection":[{"href":"https:\/\/gemeinde.jezuici.pl\/index.php?rest_route=\/wp\/v2\/posts"}],"about":[{"href":"https:\/\/gemeinde.jezuici.pl\/index.php?rest_route=\/wp\/v2\/types\/post"}],"author":[{"embeddable":true,"href":"https:\/\/gemeinde.jezuici.pl\/index.php?rest_route=\/wp\/v2\/users\/147"}],"replies":[{"embeddable":true,"href":"https:\/\/gemeinde.jezuici.pl\/index.php?rest_route=%2Fwp%2Fv2%2Fcomments&post=5456"}],"version-history":[{"count":5,"href":"https:\/\/gemeinde.jezuici.pl\/index.php?rest_route=\/wp\/v2\/posts\/5456\/revisions"}],"predecessor-version":[{"id":5464,"href":"https:\/\/gemeinde.jezuici.pl\/index.php?rest_route=\/wp\/v2\/posts\/5456\/revisions\/5464"}],"wp:featuredmedia":[{"embeddable":true,"href":"https:\/\/gemeinde.jezuici.pl\/index.php?rest_route=\/wp\/v2\/media\/5457"}],"wp:attachment":[{"href":"https:\/\/gemeinde.jezuici.pl\/index.php?rest_route=%2Fwp%2Fv2%2Fmedia&parent=5456"}],"wp:term":[{"taxonomy":"category","embeddable":true,"href":"https:\/\/gemeinde.jezuici.pl\/index.php?rest_route=%2Fwp%2Fv2%2Fcategories&post=5456"},{"taxonomy":"post_tag","embeddable":true,"href":"https:\/\/gemeinde.jezuici.pl\/index.php?rest_route=%2Fwp%2Fv2%2Ftags&post=5456"}],"curies":[{"name":"wp","href":"https:\/\/api.w.org\/{rel}","templated":true}]}}