{"id":486,"date":"2012-04-20T10:34:16","date_gmt":"2012-04-20T10:34:16","guid":{"rendered":"http:\/\/www.gemeinde.deon.pl\/?p=486"},"modified":"2012-04-20T10:34:16","modified_gmt":"2012-04-20T10:34:16","slug":"konzertgottesdienst-2","status":"publish","type":"post","link":"https:\/\/gemeinde.jezuici.pl\/?p=486","title":{"rendered":"Konzertgottesdienst"},"content":{"rendered":"<p><strong>Am Sonntag, dem 22.\u00a0April 2012, 19 Uhr,<\/strong> findet in der Barbarakirche\u00a0ein Konzertgottesdienst statt. Im Rahmen des Gemeindesgottesdienstes werden nachstehende Werke aufgef\u00fchrt, die als k\u00fcnstlerische und kontemplative Erweiterung der Liturgie bzw. der vorgetragenen Bibeltexte\u00a0vorgesehen sind.<\/p>\n<p style=\"text-align: center;\"><strong>Johann Sebastian Bach<\/strong><\/p>\n<p align=\"center\"><strong>Kantate BWV 51\u00a0 <\/strong><\/p>\n<p align=\"center\"><strong>\u201eJauchzet Gott in allen Landen\u201c <\/strong><\/p>\n<p align=\"center\"><strong>\u00a0<\/strong><\/p>\n<p align=\"center\"><strong>Georg Friedrich Haendel \u00a0<\/strong><\/p>\n<p align=\"center\"><strong>Concerto grosso op. 6 nr 3<\/strong><\/p>\n<p><strong>\u00a0<\/strong>\u00a0\u00a0\u00a0<strong>\u00a0<\/strong><\/p>\n<p align=\"center\"><strong>Solisten und Instrumentalisten<\/strong><\/p>\n<p align=\"center\"><strong>Joanna Radziszewska <\/strong>(Sopran)<\/p>\n<p align=\"center\"><strong>Pawe\u0142 Wr\u00f3blewski<\/strong> (Trompete)<\/p>\n<p align=\"center\">Orkiestra Kameralna<\/p>\n<p align=\"center\">Pa\u0144stwowej Og\u00f3lnokszta\u0142c\u0105cej Szko\u0142y Muzycznej<\/p>\n<p align=\"center\">im. F. Chopina w Krakowie<\/p>\n<p align=\"center\"><strong>Wies\u0142aw Delimat <\/strong>(Dirigent)<\/p>\n<p align=\"center\"><strong><br \/>\n<\/strong><\/p>\n<p style=\"text-align: center;\"><em><strong>Wir laden herzlich ein!\u00a0 Serdecznie zapraszamy!<\/strong><\/em><\/p>\n","protected":false},"excerpt":{"rendered":"<p>Am Sonntag, dem 22.\u00a0April 2012, 19 Uhr, findet in der Barbarakirche\u00a0ein Konzertgottesdienst statt. Im Rahmen des Gemeindesgottesdienstes werden nachstehende Werke aufgef\u00fchrt, die als k\u00fcnstlerische und kontemplative Erweiterung der Liturgie bzw. der vorgetragenen Bibeltexte\u00a0vorgesehen sind. Johann Sebastian Bach Kantate BWV 51\u00a0 \u201eJauchzet Gott in allen Landen\u201c \u00a0 Georg Friedrich Haendel \u00a0 Concerto grosso op. 6 nr [&hellip;]<\/p>\n","protected":false},"author":5,"featured_media":0,"comment_status":"open","ping_status":"open","sticky":false,"template":"","format":"standard","meta":{"_et_pb_use_builder":"","_et_pb_old_content":"","_et_gb_content_width":"","ngg_post_thumbnail":0,"footnotes":""},"categories":[1],"tags":[],"class_list":["post-486","post","type-post","status-publish","format-standard","hentry","category-bez-kategorii"],"_links":{"self":[{"href":"https:\/\/gemeinde.jezuici.pl\/index.php?rest_route=\/wp\/v2\/posts\/486","targetHints":{"allow":["GET"]}}],"collection":[{"href":"https:\/\/gemeinde.jezuici.pl\/index.php?rest_route=\/wp\/v2\/posts"}],"about":[{"href":"https:\/\/gemeinde.jezuici.pl\/index.php?rest_route=\/wp\/v2\/types\/post"}],"author":[{"embeddable":true,"href":"https:\/\/gemeinde.jezuici.pl\/index.php?rest_route=\/wp\/v2\/users\/5"}],"replies":[{"embeddable":true,"href":"https:\/\/gemeinde.jezuici.pl\/index.php?rest_route=%2Fwp%2Fv2%2Fcomments&post=486"}],"version-history":[{"count":2,"href":"https:\/\/gemeinde.jezuici.pl\/index.php?rest_route=\/wp\/v2\/posts\/486\/revisions"}],"predecessor-version":[{"id":488,"href":"https:\/\/gemeinde.jezuici.pl\/index.php?rest_route=\/wp\/v2\/posts\/486\/revisions\/488"}],"wp:attachment":[{"href":"https:\/\/gemeinde.jezuici.pl\/index.php?rest_route=%2Fwp%2Fv2%2Fmedia&parent=486"}],"wp:term":[{"taxonomy":"category","embeddable":true,"href":"https:\/\/gemeinde.jezuici.pl\/index.php?rest_route=%2Fwp%2Fv2%2Fcategories&post=486"},{"taxonomy":"post_tag","embeddable":true,"href":"https:\/\/gemeinde.jezuici.pl\/index.php?rest_route=%2Fwp%2Fv2%2Ftags&post=486"}],"curies":[{"name":"wp","href":"https:\/\/api.w.org\/{rel}","templated":true}]}}