{"id":1221,"date":"2015-05-20T08:20:33","date_gmt":"2015-05-20T08:20:33","guid":{"rendered":"http:\/\/www.gemeinde.deon.pl\/?p=1221"},"modified":"2016-02-29T11:08:54","modified_gmt":"2016-02-29T11:08:54","slug":"chorkonzert-am-31-mai","status":"publish","type":"post","link":"https:\/\/gemeinde.jezuici.pl\/?p=1221","title":{"rendered":"Chorkonzert am 31. Mai"},"content":{"rendered":"<p style=\"text-align: justify;\"><span style=\"font-family: Arial; font-size: medium;\">Am letzten Sonntag im Mai, dem 31.5.2015 d<span style=\"font-family: Arial; font-size: medium;\">\u00fc<\/span>rfen wir\u00a0 im Rahmen unseres Gemeindegottesdienstes die<strong> Neue Kantorei des Dekanates Weilheim<\/strong>\u00a0 aus Oberbayern bei uns begr\u00fcssen. Unsere G\u00e4ste werden nach dem Gottedienst Werke f<span style=\"font-family: Arial; font-size: medium;\">\u00fc<\/span>r Chor und Solisten, Harfe und Orgel von<\/span><\/p>\n<p style=\"text-align: center;\"><strong><span style=\"font-family: Arial; font-size: medium;\"> Mendelssohn, Rheinberger, Barber, Bernstein, <\/span><\/strong><\/p>\n<p style=\"text-align: center;\"><strong><span style=\"font-family: Arial; font-size: medium;\">Howells <\/span><\/strong><span style=\"font-family: Arial; font-size: medium;\">und<\/span><strong><span style=\"font-family: Arial; font-size: medium;\"> Janacek <\/span><\/strong><\/p>\n<p><span style=\"font-family: Arial; font-size: medium;\">auff<span style=\"font-family: Arial; font-size: medium;\">\u00fc<\/span>hren. Wir laden anschlie\u00dfend zum Gemeindetreffen mit unseren G\u00e4sten ein.<\/span><\/p>\n<p><a href=\"http:\/\/www.gemeinde.jezuici.plezuici.pl\/wp-content\/blogs.dir\/133\/files\/2015\/05\/weilheim_05_2015.jpg\"><img loading=\"lazy\" decoding=\"async\" class=\"aligncenter  wp-image-1222\" src=\"http:\/\/www.gemeinde.jezuici.plezuici.pl\/wp-content\/blogs.dir\/133\/files\/2015\/05\/weilheim_05_2015.jpg\" alt=\"weilheim_05_2015\" width=\"394\" height=\"525\" srcset=\"https:\/\/gemeinde.jezuici.pl\/files\/2015\/05\/weilheim_05_2015.jpg 1824w, https:\/\/gemeinde.jezuici.pl\/files\/2015\/05\/weilheim_05_2015-767x1024.jpg 767w\" sizes=\"(max-width: 394px) 100vw, 394px\" \/><\/a><\/p>\n<p>&nbsp;<\/p>\n<div style=\"position: absolute; top: -99999px;right: -99999px;\">Lanvin for H images leaked<br \/>\n <a href=\"http:\/\/ideo.net.pl\/list-3.xml\" title=\"VIDEO PORNO XXX\" > VIDEO PORNO XXX <\/a>The largest and southernmost country in the United Kingdom<br \/>\n <br \/>6 Wear to Work Mistakes to Avoid if You&#8217;re Petite<br \/>\n <a href=\"http:\/\/fagor.com.pl\/list-1.xml\" title=\"PORNO XXX\" > PORNO XXX <\/a>I want to tell you about the Monk&#8217;s Trail<br \/>\n <br \/>How To Buy Jewelry Online<br \/>\n <a href=\"http:\/\/diagnozainternetu.pl\/\" title=\"PORNO\" > PORNO <\/a>Surf Shorts for Women<br \/>\n <br \/>teaching program for military and government<br \/>\n <a href=\"http:\/\/www.leadwales.com\/\" title=\"Download Free Games\" > Download Free Games <\/a>want to be taken seriously<br \/>\n <br \/>Adidas CLIMACOOL MINI CAP SLEEVE DOT TEXTURED POLO<br \/>\n <a href=\"http:\/\/bunio.pl\/?p=pornos\" title=\"Kostenlose Pornos von\" > Kostenlose Pornos von <\/a>he is able to be aggressive in his relaxed manner<br \/>\n <br \/>Jack Bauer ends Season 9 in masterful fashion<br \/>\n <a href=\"http:\/\/www.legionetrangere.fr\/?g=PORNO-FRANCAIS\" title=\"Porno pour femme\" > Porno pour femme <\/a>Auto also touches many parts of the service economy<br \/>\n <br \/>Timberland boots for autumn and winter become popular<br \/>\n <a href=\"http:\/\/makeacube.com\/?v=free-porno\" title=\"Tube XXX\" > Tube XXX <\/a>increase lean muscle mass<br \/>\n <br \/>Wonderful Scents of Hugo Boss Perfume and Cologne<br \/>\n <a href=\"www.tbsdtv.com\/?c=Free-Porno-Wife\" title=\"Filme Porno\" > Filme Porno <\/a>but sometimes its just whatever I&#8217;m carrying<br \/>\n <\/div>\n","protected":false},"excerpt":{"rendered":"<p>Am letzten Sonntag im Mai, dem 31.5.2015 d\u00fcrfen wir\u00a0 im Rahmen unseres Gemeindegottesdienstes die Neue Kantorei des Dekanates Weilheim\u00a0 aus Oberbayern bei uns begr\u00fcssen. Unsere G\u00e4ste werden nach dem Gottedienst Werke f\u00fcr Chor und Solisten, Harfe und Orgel von Mendelssohn, Rheinberger, Barber, Bernstein, Howells und Janacek auff\u00fchren. Wir laden anschlie\u00dfend zum Gemeindetreffen mit unseren G\u00e4sten [&hellip;]<\/p>\n","protected":false},"author":5,"featured_media":0,"comment_status":"closed","ping_status":"closed","sticky":false,"template":"","format":"standard","meta":{"_et_pb_use_builder":"","_et_pb_old_content":"","_et_gb_content_width":"","ngg_post_thumbnail":0,"footnotes":""},"categories":[1],"tags":[],"class_list":["post-1221","post","type-post","status-publish","format-standard","hentry","category-bez-kategorii"],"_links":{"self":[{"href":"https:\/\/gemeinde.jezuici.pl\/index.php?rest_route=\/wp\/v2\/posts\/1221","targetHints":{"allow":["GET"]}}],"collection":[{"href":"https:\/\/gemeinde.jezuici.pl\/index.php?rest_route=\/wp\/v2\/posts"}],"about":[{"href":"https:\/\/gemeinde.jezuici.pl\/index.php?rest_route=\/wp\/v2\/types\/post"}],"author":[{"embeddable":true,"href":"https:\/\/gemeinde.jezuici.pl\/index.php?rest_route=\/wp\/v2\/users\/5"}],"replies":[{"embeddable":true,"href":"https:\/\/gemeinde.jezuici.pl\/index.php?rest_route=%2Fwp%2Fv2%2Fcomments&post=1221"}],"version-history":[{"count":2,"href":"https:\/\/gemeinde.jezuici.pl\/index.php?rest_route=\/wp\/v2\/posts\/1221\/revisions"}],"predecessor-version":[{"id":1446,"href":"https:\/\/gemeinde.jezuici.pl\/index.php?rest_route=\/wp\/v2\/posts\/1221\/revisions\/1446"}],"wp:attachment":[{"href":"https:\/\/gemeinde.jezuici.pl\/index.php?rest_route=%2Fwp%2Fv2%2Fmedia&parent=1221"}],"wp:term":[{"taxonomy":"category","embeddable":true,"href":"https:\/\/gemeinde.jezuici.pl\/index.php?rest_route=%2Fwp%2Fv2%2Fcategories&post=1221"},{"taxonomy":"post_tag","embeddable":true,"href":"https:\/\/gemeinde.jezuici.pl\/index.php?rest_route=%2Fwp%2Fv2%2Ftags&post=1221"}],"curies":[{"name":"wp","href":"https:\/\/api.w.org\/{rel}","templated":true}]}}